{"id":1128,"date":"2023-11-26T18:54:15","date_gmt":"2023-11-26T18:54:15","guid":{"rendered":"https:\/\/www.teknikrollingroof.com\/?p=1128"},"modified":"2023-11-26T18:54:15","modified_gmt":"2023-11-26T18:54:15","slug":"farkli-teras-kapatma-modelleriyle-sik-ve-islevsel-bir-alan","status":"publish","type":"post","link":"https:\/\/www.teknikrollingroof.com\/en\/farkli-teras-kapatma-modelleriyle-sik-ve-islevsel-bir-alan\/","title":{"rendered":"Farkl\u0131 Teras Kapatma Modelleriyle \u015e\u0131k ve \u0130\u015flevsel Bir Alan"},"content":{"rendered":"<div id=\"ez-toc-container\" class=\"ez-toc-v2_0_72 counter-hierarchy ez-toc-counter ez-toc-grey ez-toc-container-direction\">\n<div class=\"ez-toc-title-container\">\n<p class=\"ez-toc-title\" style=\"cursor:inherit\">\u0130\u00e7erikler<\/p>\n<span class=\"ez-toc-title-toggle\"><a href=\"#\" class=\"ez-toc-pull-right ez-toc-btn ez-toc-btn-xs ez-toc-btn-default ez-toc-toggle\" aria-label=\"Toggle Table of Content\"><span class=\"ez-toc-js-icon-con\"><span class=\"\"><span class=\"eztoc-hide\" style=\"display:none;\">Toggle<\/span><span class=\"ez-toc-icon-toggle-span\"><svg style=\"fill: #999;color:#999\" xmlns=\"http:\/\/www.w3.org\/2000\/svg\" class=\"list-377408\" width=\"20px\" height=\"20px\" viewbox=\"0 0 24 24\" fill=\"none\"><path d=\"M6 6H4v2h2V6zm14 0H8v2h12V6zM4 11h2v2H4v-2zm16 0H8v2h12v-2zM4 16h2v2H4v-2zm16 0H8v2h12v-2z\" fill=\"currentColor\"><\/path><\/svg><svg style=\"fill: #999;color:#999\" class=\"arrow-unsorted-368013\" xmlns=\"http:\/\/www.w3.org\/2000\/svg\" width=\"10px\" height=\"10px\" viewbox=\"0 0 24 24\" version=\"1.2\" baseprofile=\"tiny\"><path d=\"M18.2 9.3l-6.2-6.3-6.2 6.3c-.2.2-.3.4-.3.7s.1.5.3.7c.2.2.4.3.7.3h11c.3 0 .5-.1.7-.3.2-.2.3-.5.3-.7s-.1-.5-.3-.7zM5.8 14.7l6.2 6.3 6.2-6.3c.2-.2.3-.5.3-.7s-.1-.5-.3-.7c-.2-.2-.4-.3-.7-.3h-11c-.3 0-.5.1-.7.3-.2.2-.3.5-.3.7s.1.5.3.7z\"\/><\/svg><\/span><\/span><\/span><\/a><\/span><\/div>\n<nav><ul class='ez-toc-list ez-toc-list-level-1' ><li class='ez-toc-page-1 ez-toc-heading-level-2'><a class=\"ez-toc-link ez-toc-heading-1\" href=\"https:\/\/www.teknikrollingroof.com\/en\/farkli-teras-kapatma-modelleriyle-sik-ve-islevsel-bir-alan\/#Kusursuz_Bir_Teras_Keyfi_icin_Dogru_Malzemeler\" title=\"Kusursuz Bir Teras Keyfi i\u00e7in Do\u011fru Malzemeler\">Kusursuz Bir Teras Keyfi i\u00e7in Do\u011fru Malzemeler<\/a><ul class='ez-toc-list-level-3' ><li class='ez-toc-heading-level-3'><a class=\"ez-toc-link ez-toc-heading-2\" href=\"https:\/\/www.teknikrollingroof.com\/en\/farkli-teras-kapatma-modelleriyle-sik-ve-islevsel-bir-alan\/#Terasinizi_Islevsel_Hale_Getirmek_Icin_Yaratici_Fikirler\" title=\"Teras\u0131n\u0131z\u0131 \u0130\u015flevsel Hale Getirmek \u0130\u00e7in Yarat\u0131c\u0131 Fikirler\">Teras\u0131n\u0131z\u0131 \u0130\u015flevsel Hale Getirmek \u0130\u00e7in Yarat\u0131c\u0131 Fikirler<\/a><ul class='ez-toc-list-level-4' ><li class='ez-toc-heading-level-4'><a class=\"ez-toc-link ez-toc-heading-3\" href=\"https:\/\/www.teknikrollingroof.com\/en\/farkli-teras-kapatma-modelleriyle-sik-ve-islevsel-bir-alan\/#Terasinizda_Dogayla_Butunlesin\" title=\"Teras\u0131n\u0131zda Do\u011fayla B\u00fct\u00fcnle\u015fin\">Teras\u0131n\u0131zda Do\u011fayla B\u00fct\u00fcnle\u015fin<\/a><\/li><\/ul><\/li><\/ul><\/li><\/ul><\/nav><\/div>\n<p>&nbsp;<\/p>\n<p>Farkl\u0131 Teras Kapatma Modelleriyle \u015e\u0131k ve \u0130\u015flevsel Bir Alan Teraslar, evin d\u0131\u015f mekan\u0131nda keyifli vakit ge\u00e7irebilece\u011finiz, dinlenip rahatlayabilece\u011finiz bir alan sa\u011flar. Ancak hava ko\u015fullar\u0131n\u0131n s\u0131n\u0131rlay\u0131c\u0131 olabilece\u011fi durumlarda teras\u0131n\u0131za koruma sa\u011flamak \u00f6nemli hale gelir. Neyse ki, farkl\u0131 teras kapatma modelleri sayesinde hem \u015f\u0131k bir g\u00f6r\u00fcn\u00fcm elde edebilir hem de i\u015flevsel bir alan yaratabilirsiniz. Bu makalede, ihtiya\u00e7lar\u0131n\u0131za g\u00f6re tasarlanan \u00f6zel teraslar, teras kapatma sistemlerindeki inovasyonlar, do\u011fru malzemelerin \u00f6nemi ve daha fazlas\u0131 hakk\u0131nda bilgi edineceksiniz. \u00d6yleyse, teras\u0131n\u0131z\u0131 daha kullan\u0131\u015fl\u0131 ve estetik hale getirmek i\u00e7in gerekli ad\u0131mlara birlikte g\u00f6z atal\u0131m.<\/p>\n<p><strong>\u0130htiyac\u0131n\u0131za G\u00f6re Tasarlanan \u00d6zel Teraslar<\/strong><\/p>\n<p>Teras\u0131n\u0131za duvar eklemek veya bir \u00e7at\u0131 in\u015fa etmek, sizin \u00f6zel ihtiya\u00e7lar\u0131n\u0131za ve teras alan\u0131n\u0131za uygun bir tasar\u0131m olu\u015fturma a\u00e7\u0131s\u0131ndan \u00f6nemlidir. \u00d6zel tasarlanm\u0131\u015f teraslar, genellikle teras kapatma sistemleri ile birlikte kullan\u0131l\u0131r ve farkl\u0131 boyutlarda ve \u015fekillerde gelebilir. Bu sayede teras\u0131n\u0131z\u0131n tamamen size \u00f6zg\u00fc olmas\u0131n\u0131 sa\u011flar.<br \/>\n<strong>\u00d6rne\u011fin<\/strong>, teras\u0131n\u0131z\u0131 daha fazla g\u00fcne\u015f \u0131\u015f\u0131\u011f\u0131ndan korumak istiyorsan\u0131z, cam tavanl\u0131 bir teras kapatma modeli se\u00e7ebilirsiniz. Bu cam tavanl\u0131 teraslar, havan\u0131n keyfini \u00e7\u0131karman\u0131z\u0131 sa\u011flarken ayn\u0131 zamanda g\u00fcne\u015fin zararl\u0131 UV \u0131\u015f\u0131nlar\u0131ndan korunman\u0131z\u0131 da sa\u011flar.<\/p>\n<p><strong>Teras Kapatma Sistemlerindeki \u0130novasyonlar<\/strong><\/p>\n<p>Teras kapatma sistemlerindeki son inovasyonlar, teras\u0131n\u0131z\u0131 daha i\u015flevsel ve konforlu hale getirmenizi sa\u011flar. \u00d6rne\u011fin, otomatik a\u00e7\u0131l\u0131p kapanabilen teras \u00e7at\u0131lar\u0131, h\u0131zl\u0131 bir \u015fekilde a\u00e7\u0131l\u0131p kapanabilir ve hava ko\u015fullar\u0131na g\u00f6re teras\u0131n\u0131z\u0131 korur. Bu sistemler, otomatik sens\u00f6rler veya uzaktan kumandalar arac\u0131l\u0131\u011f\u0131yla kolayca kontrol edilebilir. B\u00f6ylece, ani hava de\u011fi\u015fikliklerine kar\u015f\u0131 haz\u0131rl\u0131kl\u0131 olman\u0131z\u0131 sa\u011flar.<br \/>\nAyr\u0131ca, teras kapatma sistemlerindeki yal\u0131t\u0131m teknolojileri de teras\u0131n\u0131z\u0131 daha konforlu hale getirir. Is\u0131 yal\u0131t\u0131m\u0131 sa\u011flayan cam pencereler veya enerji tasarruflu malzemeler, teras\u0131n\u0131z\u0131 y\u0131l\u0131n herhangi bir mevsiminde kullanman\u0131z\u0131 sa\u011flar.<\/p>\n<h2><span class=\"ez-toc-section\" id=\"Kusursuz_Bir_Teras_Keyfi_icin_Dogru_Malzemeler\"><\/span>\n<strong>Kusursuz Bir Teras Keyfi i\u00e7in Do\u011fru Malzemeler<\/strong><span class=\"ez-toc-section-end\"><\/span><\/h2>\n<p>Teras\u0131n\u0131z\u0131 kapatmak i\u00e7in do\u011fru malzemeleri se\u00e7mek, uzun \u00f6m\u00fcrl\u00fc ve kusursuz bir teras keyfi i\u00e7in \u00f6nemlidir. Dayan\u0131kl\u0131 ve hava ko\u015fullar\u0131na dayan\u0131kl\u0131 malzemeler, teras\u0131n\u0131z\u0131n uzun s\u00fcre sa\u011flam kalmas\u0131n\u0131 sa\u011flar. \u00d6rne\u011fin, aluminyum veya \u00e7elik yap\u0131lar, g\u00fc\u00e7l\u00fc ve dayan\u0131kl\u0131 bir \u00e7at\u0131 olu\u015fturmak i\u00e7in idealdir.<br \/>\nCam paneller veya UV filtreli malzemeler, teras\u0131n\u0131za do\u011fal \u0131\u015f\u0131k ge\u00e7irmesini sa\u011flarken ayn\u0131 zamanda zararl\u0131 UV \u0131\u015f\u0131nlar\u0131ndan korunman\u0131z\u0131 da sa\u011flar. Ayr\u0131ca, cam paneller veya polikarbonat levhalar, s\u0131cakl\u0131\u011f\u0131n dengeli bir \u015fekilde korunmas\u0131na olanak tan\u0131r ve b\u00f6ylece teras\u0131n\u0131z\u0131n yaz\u0131n serin, k\u0131\u015f\u0131n s\u0131cak kalmas\u0131n\u0131 sa\u011flar.<\/p>\n<p><strong>Teras\u0131n\u0131z\u0131 Koruman\u0131n \u00d6nemi<\/strong><br \/>\nTeras\u0131n\u0131z\u0131 do\u011fru \u015fekilde korumak, uzun vadede masraflar\u0131n\u0131z\u0131 azaltman\u0131za yard\u0131mc\u0131 olur. Hava ko\u015fullar\u0131na dayan\u0131kl\u0131 teras kapatma sistemleri, teras\u0131n\u0131z\u0131 ya\u011fmur, r\u00fczgar, kar ve di\u011fer olumsuz hava ko\u015fullar\u0131na kar\u015f\u0131 korur. Bu sayede teras\u0131n\u0131z\u0131 her mevsimde g\u00fcvenle kullanabilirsiniz.<br \/>\nAyr\u0131ca, teras\u0131n\u0131z\u0131 d\u00fczenli olarak temizlemek ve bak\u0131m\u0131n\u0131 yapmak da \u00f6nemlidir. Cam panellerinizi ve \u00e7er\u00e7evelerini d\u00fczenli olarak temizlemek, teras\u0131n\u0131z\u0131n daha g\u00fczel g\u00f6r\u00fcnmesini sa\u011flar ve uzun \u00f6m\u00fcrl\u00fc olmas\u0131na yard\u0131mc\u0131 olur.<br \/>\nYaz\u0131n Serin, K\u0131\u015f\u0131n S\u0131cak Bir Teras \u0130\u00e7in \u0130pu\u00e7lar\u0131<\/p>\n<p><strong>Teras\u0131n\u0131z\u0131 yaz\u0131n serin, k\u0131\u015f\u0131n s\u0131cak tutmak i\u00e7in baz\u0131 ipu\u00e7lar\u0131:<\/strong><br \/>\n<strong>G\u00fcne\u015fe kar\u015f\u0131 koruyucu bir \u00e7at\u0131 se\u00e7in:<\/strong> Teras\u0131n\u0131z\u0131 g\u00fcne\u015fin zararl\u0131 UV \u0131\u015f\u0131nlar\u0131ndan korumak i\u00e7in UV filtreli cam veya polikarbonat panellerden olu\u015fan bir teras \u00e7at\u0131s\u0131 se\u00e7ebilirsiniz.<br \/>\n<strong>Is\u0131 yal\u0131t\u0131ml\u0131 malzemeler kullan\u0131n:<\/strong> Is\u0131 yal\u0131t\u0131ml\u0131 cam pencereler veya enerji tasarruflu malzemeler, teras\u0131n\u0131z\u0131n k\u0131\u015f\u0131n s\u0131cak kalmas\u0131nda yard\u0131mc\u0131 olur.<br \/>\n<strong>Is\u0131tma sistemleri kullan\u0131n:<\/strong> Teras\u0131n\u0131z\u0131 daha s\u0131cak tutmak i\u00e7in gaz \u0131s\u0131t\u0131c\u0131lar veya infraruj \u0131s\u0131t\u0131c\u0131lar gibi \u0131s\u0131tma sistemleri kullanabilirsiniz.<br \/>\n<strong>Perdeler veya panjurlar ekleyin:<\/strong> Yaz aylar\u0131nda g\u00fcne\u015fin yo\u011fun oldu\u011fu zamanlarda teras\u0131n\u0131z\u0131 daha serin tutmak i\u00e7in perdeler veya panjurlar ekleyebilirsiniz.<\/p>\n<p><strong>Teras\u0131n\u0131z\u0131 Dekore Etmenin S\u0131rlar\u0131<\/strong><br \/>\nTeras\u0131n\u0131z\u0131 dekore etmek, daha davetkar bir ortam yaratman\u0131za yard\u0131mc\u0131 olur. \u0130\u015fte teras\u0131n\u0131z\u0131 dekore etmenin baz\u0131 s\u0131rlar\u0131:<br \/>\n<strong>Rahat oturma alanlar\u0131 olu\u015fturun<\/strong>: \u015e\u0131k a\u00e7\u0131k hava mobilyalar\u0131, teras\u0131n\u0131za rahat bir oturma alan\u0131 sa\u011flar. Rahat minderler ve yast\u0131klar ekleyerek daha fazla konfor elde edebilirsiniz.<br \/>\n<strong>Bitki ve \u00e7i\u00e7ekler ekleyin:<\/strong> Teras\u0131n\u0131za bitki ve \u00e7i\u00e7ekler ekleyerek do\u011fayla i\u00e7 i\u00e7e bir ortam yaratabilirsiniz. Saks\u0131larda veya as\u0131l\u0131 \u00e7i\u00e7eklerde \u00e7e\u015fitli bitkiler kullanabilirsiniz.<br \/>\n<strong>Ayd\u0131nlatma ekleyin<\/strong>: Teras\u0131n\u0131za romantik bir atmosfer sa\u011flamak i\u00e7in g\u00fczel bir ayd\u0131nlatma kullanabilirsiniz. I\u015f\u0131k zincirleri, fenerler veya \u015famdanlar teras\u0131n\u0131za \u015f\u0131kl\u0131k katar.<br \/>\n<strong>Aksesuarlar kullan\u0131n:<\/strong> Terasta kullanabilece\u011finiz farkl\u0131 aksesuarlar, teras\u0131n\u0131z\u0131 daha ki\u015fisel hale getirir. \u00d6rne\u011fin, dekoratif yast\u0131klar, masa \u00f6rt\u00fcleri, mumlar veya tablolar terasa g\u00fczel bir dokunu\u015f katar.<\/p>\n<div style=\"width: 960px;\" class=\"wp-video\"><!--[if lt IE 9]><script>document.createElement('video');<\/script><![endif]-->\n<video class=\"wp-video-shortcode\" id=\"video-1128-1\" width=\"960\" height=\"960\" preload=\"metadata\" controls=\"controls\"><source type=\"video\/mp4\" src=\"https:\/\/www.teknikrollingroof.com\/wp-content\/uploads\/2023\/11\/9rr-1.mp4?_=1\" \/><a href=\"https:\/\/www.teknikrollingroof.com\/wp-content\/uploads\/2023\/11\/9rr-1.mp4\">https:\/\/www.teknikrollingroof.com\/wp-content\/uploads\/2023\/11\/9rr-1.mp4<\/a><\/video><\/div>\n<h3><span class=\"ez-toc-section\" id=\"Terasinizi_Islevsel_Hale_Getirmek_Icin_Yaratici_Fikirler\"><\/span>\n<strong>Teras\u0131n\u0131z\u0131 \u0130\u015flevsel Hale Getirmek \u0130\u00e7in Yarat\u0131c\u0131 Fikirler<\/strong><span class=\"ez-toc-section-end\"><\/span><\/h3>\n<p><strong><a href=\"https:\/\/tekniktente.com\" target=\"_blank\" rel=\"noopener\">Teras\u0131n\u0131z<\/a><\/strong>\u0131 daha kullan\u0131\u015fl\u0131 hale getirmek i\u00e7in yarat\u0131c\u0131 fikirler deneyebilirsiniz. \u0130\u015fte baz\u0131 \u00f6neriler:<br \/>\n<strong>Multifonksiyonel mobilyalar kullan\u0131n<\/strong>: Teras\u0131n\u0131z\u0131n alan\u0131n\u0131 en iyi \u015fekilde de\u011ferlendirmek i\u00e7in multifonksiyonel mobilyalar kullanabilirsiniz. \u00d6rne\u011fin, depolama alan\u0131 olan bir sehpa veya a\u00e7\u0131l\u0131p kapanabilen bir masa kullanabilirsiniz.<br \/>\n<strong>A\u00e7\u0131k hava mutfa\u011f\u0131 ekleyin:<\/strong> Teras\u0131n\u0131za a\u00e7\u0131k hava mutfa\u011f\u0131 ekleyerek yemek yapma ve sosyal etkinlikleri daha kolay hale getirebilirsiniz. Barbek\u00fc, ocak veya tezgah gibi unsurlar ekleyerek pratik bir a\u00e7\u0131k hava mutfa\u011f\u0131 olu\u015fturabilirsiniz.<br \/>\n<strong>D\u0131\u015f mekan perde veya panjurlar kullan\u0131n<\/strong>: Teras\u0131n\u0131z\u0131 daha fazla gizlilik sa\u011flamak ve g\u00fcne\u015f \u0131\u015f\u0131\u011f\u0131n\u0131 kontrol etmek i\u00e7in d\u0131\u015f mekan perde veya panjurlar kullanabilirsiniz. B\u00f6ylece, teras\u0131n\u0131z\u0131 ihtiya\u00e7lar\u0131n\u0131za g\u00f6re \u00f6zelle\u015ftirebilirsiniz.<\/p>\n<h4><span class=\"ez-toc-section\" id=\"Terasinizda_Dogayla_Butunlesin\"><\/span>\n<strong>Teras\u0131n\u0131zda Do\u011fayla B\u00fct\u00fcnle\u015fin<\/strong><span class=\"ez-toc-section-end\"><\/span><\/h4>\n<p>Son olarak, teras\u0131n\u0131z\u0131 do\u011fayla b\u00fct\u00fcnle\u015ftirmek i\u00e7in baz\u0131 ad\u0131mlar atabilirsiniz. Bu sayede teras\u0131n\u0131zda huzurlu bir ortam yarat\u0131rs\u0131n\u0131z. \u0130\u015fte teras\u0131n\u0131z\u0131 do\u011fayla b\u00fct\u00fcnle\u015ftirme konusunda baz\u0131 \u00f6neriler:<br \/>\n<strong>Bitki ve \u00e7i\u00e7ekler ekleyin:<\/strong> Teras\u0131n\u0131za bitki ve \u00e7i\u00e7ekler ekleyerek do\u011fay\u0131 yak\u0131n hissedebilirsiniz. Ye\u015fil bitkiler, huzurlu bir atmosfer sa\u011flarken \u00e7i\u00e7ekler, renkli bir g\u00f6r\u00fcn\u00fcm olu\u015fturur.<br \/>\n<strong>Do\u011fal malzemeler kullan\u0131n:<\/strong> Teras\u0131n\u0131zda do\u011fal malzemeler kullanmak, do\u011fal bir ortam yaratman\u0131za yard\u0131mc\u0131 olur. \u00d6rne\u011fin, ah\u015fap mobilyalar, ta\u015f d\u00f6\u015femeler veya bambu perde teras\u0131n\u0131za do\u011fal bir dokunu\u015f katar.<br \/>\n<strong>Su \u00f6\u011feleri ekleyin:<\/strong> Teras\u0131n\u0131za bir \u00e7e\u015fme, su f\u0131skiyesi veya su \u00f6\u011feleri ekleyerek daha dinlendirici bir atmosfer sa\u011flayabilirsiniz. Su sesi, sakinle\u015ftirici bir etki yarat\u0131r.<br \/>\n<strong>Ku\u015f ve kelebek yemlikleri ekleyin<\/strong>: Teras\u0131n\u0131za ku\u015f ve kelebek yemlikleri ekleyerek do\u011fan\u0131n g\u00fczelliklerini daha yak\u0131ndan g\u00f6zlemleyebilirsiniz. Bu yemlikler, teras\u0131n\u0131za canl\u0131l\u0131k katar.<\/p>\n<p>Teras\u0131n\u0131z\u0131 kapatmak, ihtiya\u00e7lar\u0131n\u0131za g\u00f6re tasarlamak ve dekore etmek, daha \u015f\u0131k ve i\u015flevsel bir alan olu\u015fturman\u0131za yard\u0131mc\u0131 olur. \u0130novatif teras kapatma sistemleri ve do\u011fru malzemelerin se\u00e7imiyle teras\u0131n\u0131z\u0131 y\u0131l boyunca kullanabilir, yaz\u0131n serinlik ve k\u0131\u015f\u0131n s\u0131cakl\u0131k sa\u011flayabilirsiniz. Do\u011fan\u0131n g\u00fczelliklerini teras\u0131n\u0131za ta\u015f\u0131yarak, a\u00e7\u0131k havada keyifli vakit ge\u00e7irebilirsiniz.<\/p>\n<p><a href=\"https:\/\/www.teknikrollingroof.com\/en\/pergola-sistemleri\/\">https:\/\/www.teknikrollingroof.com\/pergola-sistemleri\/<\/a><\/p>","protected":false},"excerpt":{"rendered":"<p>&nbsp; Farkl\u0131 Teras Kapatma Modelleriyle \u015e\u0131k ve \u0130\u015flevsel Bir Alan Teraslar, evin d\u0131\u015f mekan\u0131nda keyifli vakit ge\u00e7irebilece\u011finiz, dinlenip rahatlayabilece\u011finiz bir alan sa\u011flar. Ancak hava ko\u015fullar\u0131n\u0131n s\u0131n\u0131rlay\u0131c\u0131<span class=\"excerpt-hellip\"> [\u2026]<\/span><\/p>","protected":false},"author":1,"featured_media":960,"comment_status":"open","ping_status":"open","sticky":false,"template":"","format":"standard","meta":{"rank_math_focus_keyword":"Farkl\u0131 Teras Kapatma Modelleriyle \u015e\u0131k ve \u0130\u015flevsel Bir Alan","rank_math_description":"Farkl\u0131 Teras Kapatma Modelleriyle \u015e\u0131k ve \u0130\u015flevsel Bir Alan","footnotes":""},"categories":[1],"tags":[311,312,314,313],"class_list":["post-1128","post","type-post","status-publish","format-standard","has-post-thumbnail","hentry","category-blog","tag-farkli-teras-kapatma-modelleriyle-sik-ve-islevsel-bir-alan","tag-kusursuz-bir-teras-keyfi-icin-dogru-malzemeler","tag-terasinizda-dogayla-butunlesin","tag-terasinizi-islevsel-hale-getirmek-icin-yaratici-fikirler"],"_links":{"self":[{"href":"https:\/\/www.teknikrollingroof.com\/en\/wp-json\/wp\/v2\/posts\/1128","targetHints":{"allow":["GET"]}}],"collection":[{"href":"https:\/\/www.teknikrollingroof.com\/en\/wp-json\/wp\/v2\/posts"}],"about":[{"href":"https:\/\/www.teknikrollingroof.com\/en\/wp-json\/wp\/v2\/types\/post"}],"author":[{"embeddable":true,"href":"https:\/\/www.teknikrollingroof.com\/en\/wp-json\/wp\/v2\/users\/1"}],"replies":[{"embeddable":true,"href":"https:\/\/www.teknikrollingroof.com\/en\/wp-json\/wp\/v2\/comments?post=1128"}],"version-history":[{"count":2,"href":"https:\/\/www.teknikrollingroof.com\/en\/wp-json\/wp\/v2\/posts\/1128\/revisions"}],"predecessor-version":[{"id":1130,"href":"https:\/\/www.teknikrollingroof.com\/en\/wp-json\/wp\/v2\/posts\/1128\/revisions\/1130"}],"wp:featuredmedia":[{"embeddable":true,"href":"https:\/\/www.teknikrollingroof.com\/en\/wp-json\/wp\/v2\/media\/960"}],"wp:attachment":[{"href":"https:\/\/www.teknikrollingroof.com\/en\/wp-json\/wp\/v2\/media?parent=1128"}],"wp:term":[{"taxonomy":"category","embeddable":true,"href":"https:\/\/www.teknikrollingroof.com\/en\/wp-json\/wp\/v2\/categories?post=1128"},{"taxonomy":"post_tag","embeddable":true,"href":"https:\/\/www.teknikrollingroof.com\/en\/wp-json\/wp\/v2\/tags?post=1128"}],"curies":[{"name":"wp","href":"https:\/\/api.w.org\/{rel}","templated":true}]}}